{"id":5634,"date":"2026-03-13T13:25:23","date_gmt":"2026-03-13T13:25:23","guid":{"rendered":"https:\/\/ipasbolivia.org\/conexion-presente-une-etude-qualitative-sur-les-mariages-et-unions-forces-et-precoces-denfants-en-bolivie-realisee-avec-le-soutien-technique-dipas-bolivie\/"},"modified":"2026-03-13T13:25:49","modified_gmt":"2026-03-13T13:25:49","slug":"conexion-presente-une-etude-qualitative-sur-les-mariages-et-unions-forces-et-precoces-denfants-en-bolivie-realisee-avec-le-soutien-technique-dipas-bolivie","status":"publish","type":"post","link":"https:\/\/ipasbolivia.org\/fr\/conexion-presente-une-etude-qualitative-sur-les-mariages-et-unions-forces-et-precoces-denfants-en-bolivie-realisee-avec-le-soutien-technique-dipas-bolivie\/","title":{"rendered":"Conexi\u00f3n pr\u00e9sente une \u00e9tude qualitative sur les mariages et unions forc\u00e9s et pr\u00e9coces d&rsquo;enfants en Bolivie, r\u00e9alis\u00e9e avec le soutien technique d&rsquo;Ipas Bolivie."},"content":{"rendered":"<p>[et_pb_section fb_built=\u00a0\u00bb1&Prime; admin_label=\u00a0\u00bbsection\u00a0\u00bb _builder_version=\u00a0\u00bb4.16&Prime; global_colors_info=\u00a0\u00bb{}\u00a0\u00bb][et_pb_row admin_label=\u00a0\u00bbrang\u00e9e\u00a0\u00bb _builder_version=\u00a0\u00bb4.16&Prime; global_colors_info=\u00a0\u00bb{}\u00a0\u00bb][et_pb_column type=\u00a0\u00bb4_4&Prime; _builder_version=\u00a0\u00bb4.16&Prime; custom_padding=\u00a0\u00bb|||\u00a0\u00bb global_colors_info=\u00a0\u00bb{}\u00a0\u00bb custom_padding__hover=\u00a0\u00bb|||\u00a0\u00bb][et_pb_text _builder_version=\u00a0\u00bb4.27.6&Prime; _module_preset=\u00a0\u00bbdefault\u00a0\u00bb global_colors_info=\u00a0\u00bb{}\u00a0\u00bb]<\/p>\n<p style=\"text-align: justify;\">Le jeudi 12 mars, l&rsquo;organisation Conexi\u00f3n a pr\u00e9sent\u00e9 deux \u00e9tudes visant \u00e0 mettre en lumi\u00e8re les questions qui affectent les droits des enfants et des adolescents en Bolivie. L&rsquo;une des \u00e9tudes, r\u00e9alis\u00e9e avec le soutien technique d&rsquo;Ipas Bolivie, s&rsquo;intitule \u00ab\u00a0Mariages et unions pr\u00e9coces et forc\u00e9es de nourrissons (MUITF) \u00e0 Desaguadero, Rurrenabaque et Cobija\u00a0\u00bb. <\/p>\n<p style=\"text-align: justify;\">L&rsquo;\u00e9tude qualitative sur les MUITF fournit des \u00e9l\u00e9ments sur les facteurs sociaux, culturels et institutionnels qui influencent la persistance de cette pratique. La seconde \u00e9tude intitul\u00e9e \u00ab\u00a0Exploitation sexuelle des enfants et des adolescents dans le contexte de la migration v\u00e9n\u00e9zu\u00e9lienne en Bolivie\u00a0\u00bb, \u00e9labor\u00e9e avec le soutien technique de la Fondation Munasim Kullakita, fournit des \u00e9l\u00e9ments de r\u00e9flexion sur d&rsquo;autres formes de violence et d&rsquo;exploitation qui touchent les populations en situation de vuln\u00e9rabilit\u00e9 particuli\u00e8re. <\/p>\n<p style=\"text-align: justify;\">Grecia Tard\u00edo, responsable de la formation en mati\u00e8re de d\u00e9patriarcalisation et de d\u00e9colonisation au sein du vice-minist\u00e8re de l&rsquo;\u00e9galit\u00e9 des chances, ainsi que des repr\u00e9sentants d&rsquo;organisations de la soci\u00e9t\u00e9 civile et d&rsquo;institutions partenaires travaillant \u00e0 la pr\u00e9vention des diff\u00e9rentes formes de violence \u00e0 l&rsquo;encontre des filles et des adolescentes ont particip\u00e9 \u00e0 l&rsquo;\u00e9v\u00e9nement.<\/p>\n<p style=\"text-align: justify;\">Lors de sa pr\u00e9sentation, le Dr Malena Morales, directrice nationale d&rsquo;Ipas Bolivie, a soulign\u00e9 l&rsquo;importance de produire des preuves pour comprendre l&rsquo;ampleur de ce probl\u00e8me et pour orienter les r\u00e9ponses institutionnelles. \u00ab\u00a0Cette recherche qualitative nous montre, avec des donn\u00e9es et des preuves, qu&rsquo;il s&rsquo;agit d&rsquo;un probl\u00e8me de justice sociale et de sant\u00e9 publique\u00a0\u00bb, a-t-elle d\u00e9clar\u00e9. <\/p>\n<p>[\/et_pb_text][\/et_pb_column][\/et_pb_row][et_pb_row _builder_version=\u00a0\u00bb4.27.6&Prime; _module_preset=\u00a0\u00bbdefault\u00a0\u00bb global_colors_info=\u00a0\u00bb{}\u00a0\u00bb][et_pb_column type=\u00a0\u00bb4_4&Prime; _builder_version=\u00a0\u00bb4.27.6&Prime; _module_preset=\u00a0\u00bbdefault\u00a0\u00bb global_colors_info=\u00a0\u00bb{}\u00a0\u00bb][et_pb_image src=\u00a0\u00bbhttps:\/\/ipasbolivia.org\/wp-content\/uploads\/2026\/03\/WhatsApp-Image-2026-03-12-at-20.30.48-1.jpeg\u00a0\u00bb title_text=\u00a0\u00bbWhatsApp Image 2026-03-12 \u00e0 20.30.48 (1)\u00a0\u00bb _builder_version=\u00a0\u00bb4.27.6&Prime; _module_preset=\u00a0\u00bbdefault\u00a0\u00bb global_colors_info=\u00a0\u00bb{}\u00a0\u00bb][\/et_pb_image][et_pb_text _builder_version=\u00a0\u00bb4.27.6&Prime; _module_preset=\u00a0\u00bbdefault\u00a0\u00bb global_colors_info=\u00a0\u00bb{}\u00a0\u00bb]<\/p>\n<h5 style=\"text-align: center;\"><em>Image : Malena Morales, directrice d&rsquo;Ipas Bolivie, s&rsquo;exprimant lors de l&rsquo;\u00e9v\u00e9nement. <\/em><\/h5>\n<p>[\/et_pb_text][\/et_pb_column][\/et_pb_row][et_pb_row _builder_version=\u00a0\u00bb4.27.6&Prime; _module_preset=\u00a0\u00bbdefault\u00a0\u00bb global_colors_info=\u00a0\u00bb{}\u00a0\u00bb][et_pb_column type=\u00a0\u00bb4_4&Prime; _builder_version=\u00a0\u00bb4.27.6&Prime; _module_preset=\u00a0\u00bbdefault\u00a0\u00bb global_colors_info=\u00a0\u00bb{}\u00a0\u00bb][et_pb_text _builder_version=\u00a0\u00bb4.27.6&Prime; _module_preset=\u00a0\u00bbdefault\u00a0\u00bb global_colors_info=\u00a0\u00bb{}\u00a0\u00bb]<\/p>\n<p style=\"text-align: justify;\">Parmi ses principales recommandations, la recherche sur les MUITF propose la n\u00e9cessit\u00e9 d&rsquo;une approche globale qui inclut le d\u00e9mant\u00e8lement des pr\u00e9jug\u00e9s dans le syst\u00e8me judiciaire, la transformation des normes culturelles et de genre, et le renforcement de l&rsquo;autonomie et des projets de vie des filles et des adolescentes.<\/p>\n<p style=\"text-align: justify;\">L&rsquo;\u00e9tude remet \u00e9galement en question les croyances qui associent la m\u00e9narche (premi\u00e8res r\u00e8gles) \u00e0 une suppos\u00e9e maturit\u00e9 sexuelle ou \u00e0 une pr\u00e9paration \u00e0 la maternit\u00e9, et propose de renforcer le travail sur les masculinit\u00e9s, de consolider les services de protection (DNA\/SLIM) et de promouvoir des environnements s\u00fbrs.<\/p>\n<p style=\"text-align: justify;\">La pr\u00e9sentation a offert un espace de r\u00e9flexion et d&rsquo;\u00e9change entre les organisations et les institutions engag\u00e9es dans la d\u00e9fense des droits sexuels et reproductifs. Dans ce cadre, Ipas Bolivie a r\u00e9affirm\u00e9 l&rsquo;importance de renforcer les alliances strat\u00e9giques avec des organisations comme Conexi\u00f3n pour g\u00e9n\u00e9rer des preuves et promouvoir des actions visant \u00e0 pr\u00e9venir les mariages et unions d&rsquo;enfants, pr\u00e9coces et forc\u00e9s. <\/p>\n<p>[\/et_pb_text][\/et_pb_column][\/et_pb_row][et_pb_row column_structure=\u00a0\u00bb1_2,1_2&Prime; _builder_version=\u00a0\u00bb4.27.6&Prime; _module_preset=\u00a0\u00bbdefault\u00a0\u00bb global_colors_info=\u00a0\u00bb{}\u00a0\u00bb][et_pb_column type=\u00a0\u00bb1_2&Prime; _builder_version=\u00a0\u00bb4.27.6&Prime; _module_preset=\u00a0\u00bbdefault\u00a0\u00bb global_colors_info=\u00a0\u00bb{}\u00a0\u00bb][et_pb_image src=\u00a0\u00bbhttps:\/\/ipasbolivia.org\/wp-content\/uploads\/2026\/03\/WhatsApp-Image-2026-03-12-at-20.30.48-2.jpeg\u00a0\u00bb title_text=\u00a0\u00bbWhatsApp Image 2026-03-12 \u00e0 20.30.48 (2)\u00a0\u00bb _builder_version=\u00a0\u00bb4.27.6&Prime; _module_preset=\u00a0\u00bbdefault\u00a0\u00bb global_colors_info=\u00a0\u00bb{}\u00a0\u00bb][\/et_pb_image][\/et_pb_column][et_pb_column type=\u00a0\u00bb1_2&Prime; _builder_version=\u00a0\u00bb4.27.6&Prime; _module_preset=\u00a0\u00bbdefault\u00a0\u00bb global_colors_info=\u00a0\u00bb{}\u00a0\u00bb][et_pb_image src=\u00a0\u00bbhttps:\/\/ipasbolivia.org\/wp-content\/uploads\/2026\/03\/WhatsApp-Image-2026-03-12-at-20.30.47.jpeg\u00a0\u00bb title_text=\u00a0\u00bbWhatsApp Image 2026-03-12 \u00e0 20.30.47&Prime; _builder_version=\u00a0\u00bb4.27.6&Prime; _module_preset=\u00a0\u00bbdefault\u00a0\u00bb global_colors_info=\u00a0\u00bb{}\u00a0\u00bb][\/et_pb_image][\/et_pb_column][\/et_pb_row][et_pb_row _builder_version=\u00a0\u00bb4.27.6&Prime; _module_preset=\u00a0\u00bbdefault\u00a0\u00bb global_colors_info=\u00a0\u00bb{}\u00a0\u00bb][et_pb_column type=\u00a0\u00bb4_4&Prime; _builder_version=\u00a0\u00bb4.27.6&Prime; _module_preset=\u00a0\u00bbdefault\u00a0\u00bb global_colors_info=\u00a0\u00bb{}\u00a0\u00bb][et_pb_button button_url=\u00a0\u00bbhttps:\/\/drive.google.com\/file\/d\/1405W2fisDfwO5LtGU2afvo3rpgVsJYvo\/view?usp=sharing\u00a0\u00bb url_new_window=\u00a0\u00bbon\u00a0\u00bb button_text=\u00a0\u00bbT\u00e9l\u00e9chargez le document de recherche ici\u00a0\u00bb button_alignment=\u00a0\u00bbcenter\u00a0\u00bb _builder_version=\u00a0\u00bb4.27.6&Prime; _module_preset=\u00a0\u00bbdefault\u00a0\u00bb custom_button=\u00a0\u00bbon\u00a0\u00bb button_text_color=\u00a0\u00bb#F15A29&Prime; button_bg_color=\u00a0\u00bb#FFFFFF\u00a0\u00bb transform_scale=\u00a0\u00bb118%|118%\u00a0\u00bb divibooster_background_blur=\u00a0\u00bb0px\u00a0\u00bb global_colors_info=\u00a0\u00bb{}\u00a0\u00bb][\/et_pb_button][\/et_pb_column][\/et_pb_row][\/et_pb_section]<\/p>\n","protected":false},"excerpt":{"rendered":"<p>Le jeudi 12 mars, l&rsquo;organisation Conexi\u00f3n a pr\u00e9sent\u00e9 deux \u00e9tudes visant \u00e0 mettre en lumi\u00e8re les questions qui affectent les droits des enfants et des adolescents en Bolivie. L&rsquo;une des \u00e9tudes, r\u00e9alis\u00e9e avec le soutien technique d&rsquo;Ipas Bolivie, s&rsquo;intitule \u00ab\u00a0Mariages et unions pr\u00e9coces et forc\u00e9es de nourrissons (MUITF) \u00e0 Desaguadero, Rurrenabaque et Cobija\u00a0\u00bb. L&rsquo;\u00e9tude qualitative [&hellip;]<\/p>\n","protected":false},"author":16,"featured_media":5619,"comment_status":"closed","ping_status":"closed","sticky":false,"template":"","format":"standard","meta":{"_et_pb_use_builder":"on","_et_pb_old_content":"","_et_gb_content_width":"","inline_featured_image":false,"_monsterinsights_skip_tracking":false,"_monsterinsights_sitenote_active":false,"_monsterinsights_sitenote_note":"","_monsterinsights_sitenote_category":0,"footnotes":""},"categories":[34],"tags":[],"class_list":["post-5634","post","type-post","status-publish","format-standard","has-post-thumbnail","hentry","category-ipas-en-action"],"_links":{"self":[{"href":"https:\/\/ipasbolivia.org\/fr\/wp-json\/wp\/v2\/posts\/5634","targetHints":{"allow":["GET"]}}],"collection":[{"href":"https:\/\/ipasbolivia.org\/fr\/wp-json\/wp\/v2\/posts"}],"about":[{"href":"https:\/\/ipasbolivia.org\/fr\/wp-json\/wp\/v2\/types\/post"}],"author":[{"embeddable":true,"href":"https:\/\/ipasbolivia.org\/fr\/wp-json\/wp\/v2\/users\/16"}],"replies":[{"embeddable":true,"href":"https:\/\/ipasbolivia.org\/fr\/wp-json\/wp\/v2\/comments?post=5634"}],"version-history":[{"count":0,"href":"https:\/\/ipasbolivia.org\/fr\/wp-json\/wp\/v2\/posts\/5634\/revisions"}],"wp:featuredmedia":[{"embeddable":true,"href":"https:\/\/ipasbolivia.org\/fr\/wp-json\/wp\/v2\/media\/5619"}],"wp:attachment":[{"href":"https:\/\/ipasbolivia.org\/fr\/wp-json\/wp\/v2\/media?parent=5634"}],"wp:term":[{"taxonomy":"category","embeddable":true,"href":"https:\/\/ipasbolivia.org\/fr\/wp-json\/wp\/v2\/categories?post=5634"},{"taxonomy":"post_tag","embeddable":true,"href":"https:\/\/ipasbolivia.org\/fr\/wp-json\/wp\/v2\/tags?post=5634"}],"curies":[{"name":"wp","href":"https:\/\/api.w.org\/{rel}","templated":true}]}}