{"id":4589,"date":"2025-07-01T17:21:52","date_gmt":"2025-07-01T17:21:52","guid":{"rendered":"https:\/\/ipasbolivia.org\/des-journalistes-se-joignent-a-lappel-pour-mettre-fin-aux-mariages-et-unions-forces-et-precoces-denfants-en-bolivie\/"},"modified":"2025-07-17T17:33:23","modified_gmt":"2025-07-17T17:33:23","slug":"des-journalistes-se-joignent-a-lappel-pour-mettre-fin-aux-mariages-et-unions-forces-et-precoces-denfants-en-bolivie","status":"publish","type":"post","link":"https:\/\/ipasbolivia.org\/fr\/des-journalistes-se-joignent-a-lappel-pour-mettre-fin-aux-mariages-et-unions-forces-et-precoces-denfants-en-bolivie\/","title":{"rendered":"Des journalistes se joignent \u00e0 l&rsquo;appel pour mettre fin aux mariages et unions forc\u00e9s et pr\u00e9coces d&rsquo;enfants en Bolivie."},"content":{"rendered":"<p>[et_pb_section fb_built=\u00a0\u00bb1&Prime; _builder_version=\u00a0\u00bb4.27.4&Prime; global_colors_info=\u00a0\u00bb{}\u00a0\u00bb theme_builder_area=\u00a0\u00bbpost_content\u00a0\u00bb][et_pb_row _builder_version=\u00a0\u00bb4.27.4&Prime; global_colors_info=\u00a0\u00bb{}\u00a0\u00bb theme_builder_area=\u00a0\u00bbpost_content\u00a0\u00bb][et_pb_column type=\u00a0\u00bb4_4&Prime; _builder_version=\u00a0\u00bb4.16&Prime; custom_padding=\u00a0\u00bb|||\u00a0\u00bb global_colors_info=\u00a0\u00bb{}\u00a0\u00bb custom_padding__hover=\u00a0\u00bb|||\u00a0\u00bb theme_builder_area=\u00a0\u00bbpost_content\u00a0\u00bb][et_pb_text _builder_version=\u00a0\u00bb4.27.4&Prime; background_size=\u00a0\u00bbinitial\u00a0\u00bb background_position=\u00a0\u00bbtop_left\u00a0\u00bb background_repeat=\u00a0\u00bbrepeat\u00a0\u00bb global_colors_info=\u00a0\u00bb{}\u00a0\u00bb theme_builder_area=\u00a0\u00bbpost_content\u00a0\u00bb]<\/p>\n<p>Dans le but de sensibiliser et de discuter des graves cons\u00e9quences des mariages pr\u00e9coces et forc\u00e9s et des unions d&rsquo;enfants (MUITF) dans le pays, un dialogue organis\u00e9 par Ipas Bolivie, la Fondation pour le journalisme, l&rsquo;Association des journalistes de La Paz, le Cercle des femmes journalistes, la Communaut\u00e9 des droits de l&rsquo;homme et le Comit\u00e9 de coordination des femmes a eu lieu le lundi 30 juin.<\/p>\n<p>Le dialogue avec les journalistes a commenc\u00e9 par la pr\u00e9sentation de la vid\u00e9o \u00ab\u00a0No es amor\u00a0\u00bb (Ce n&rsquo;est pas de l&rsquo;amour), une \u0153uvre audiovisuelle qui rend visible l&rsquo;histoire de Carmen, une jeune fille de 12 ans forc\u00e9e d&rsquo;\u00e9pouser un homme plus \u00e2g\u00e9 qu&rsquo;elle. Cette vid\u00e9o a donn\u00e9 lieu \u00e0 une r\u00e9flexion approfondie sur les mariages et unions d&rsquo;enfants, pr\u00e9coces et forc\u00e9s, permettant d&rsquo;aborder le probl\u00e8me \u00e0 partir de preuves, d&#8217;empathie et d&rsquo;engagement en faveur du changement<a href=\"https:\/\/www.youtube.com\/watch?v=lAbk_t10MJ4\" target=\"_blank\" rel=\"noopener\" title=\"Cliquez pour regarder la vid\u00e9o\">(cliquez pour regarder la vid\u00e9o<\/a>).  <\/p>\n<p>[\/et_pb_text][et_pb_testimonial portrait_url=\u00a0\u00bbhttps:\/\/ipasbolivia.org\/wp-content\/uploads\/2025\/07\/Imagen-de-WhatsApp-2025-07-01-a-las-11.24.09_424fc03d-scaled.jpg\u00a0\u00bb _builder_version=\u00a0\u00bb4.27.4&Prime; _module_preset=\u00a0\u00bbdefault\u00a0\u00bb background_color=\u00a0\u00bb#e8e8e8&Prime; custom_margin=\u00a0\u00bb-11px||3px|||\u00a0\u00bb custom_padding=\u00a0\u00bb||0px|||\u00a0\u00bb hover_enabled=\u00a0\u00bb0&Prime; global_colors_info=\u00a0\u00bb{}\u00a0\u00bb theme_builder_area=\u00a0\u00bbpost_content\u00a0\u00bb sticky_enabled=\u00a0\u00bb0&Prime;]<\/p>\n<p><em>Nous connaissons ces faits en tant que journalistes, mais la vid\u00e9o m&rsquo;a fait l&rsquo;effet d&rsquo;un poignard dans la poitrine, car je suis une m\u00e8re, j&rsquo;ai une fille et je ne voudrais jamais qu&rsquo;elle vive une telle situation. J&rsquo;ai pens\u00e9 que beaucoup de ces filles n&rsquo;ont pas la possibilit\u00e9 d&rsquo;\u00eatre entendues, et le pouvoir que nous avons en tant que journalistes est tr\u00e8s important. Souvent, nous accordons plus d&rsquo;importance aux questions politiques et nous ne nous rendons pas compte que c&rsquo;est vraiment important en tant que soci\u00e9t\u00e9. Merci donc de nous rappeler ce qu&rsquo;est notre travail.   <\/em><\/p>\n<p style=\"text-align: right;\"><em>(Priscila Quiroga - Journaliste)<\/em><\/p>\n<p>[\/et_pb_testimonial][et_pb_text _builder_version=\u00a0\u00bb4.27.4&Prime; _module_preset=\u00a0\u00bbdefault\u00a0\u00bb custom_padding=\u00a0\u00bb||0px|||\u00a0\u00bb global_colors_info=\u00a0\u00bb{}\u00a0\u00bb theme_builder_area=\u00a0\u00bbpost_content\u00a0\u00bb]<\/p>\n<p>La r\u00e9union a montr\u00e9 que cette pratique continue de priver des milliers de jeunes filles boliviennes de leur enfance, de leur sant\u00e9, de leur \u00e9ducation et de leur avenir. Aujourd&rsquo;hui encore, le code des familles et du processus familial permet aux jeunes de 16 ans de se marier avec le consentement des personnes exer\u00e7ant l&rsquo;autorit\u00e9 parentale, une exception l\u00e9gale que des organisations, des activistes et maintenant aussi des journalistes cherchent \u00e0 \u00e9liminer, sur la base des recommandations internationales. <\/p>\n<p>[\/et_pb_text][et_pb_testimonial portrait_url=\u00a0\u00bbhttps:\/\/ipasbolivia.org\/wp-content\/uploads\/2025\/07\/Imagen-de-WhatsApp-2025-07-01-a-las-11.24.08_b8057029-scaled.jpg\u00a0\u00bb _builder_version=\u00a0\u00bb4.27.4&Prime; _module_preset=\u00a0\u00bbdefault\u00a0\u00bb hover_enabled=\u00a0\u00bb0&Prime; global_colors_info=\u00a0\u00bb{}\u00a0\u00bb theme_builder_area=\u00a0\u00bbpost_content\u00a0\u00bb sticky_enabled=\u00a0\u00bb0&Prime; background_color=\u00a0\u00bb#e8e8e8&Prime;]<\/p>\n<p>\u00ab\u00a0<em>Les MUITF <\/em><em>sont des unions dans lesquelles l&rsquo;un des partenaires est \u00e2g\u00e9 de moins de 18 ans<\/em>\u00ab\u00a0, explique Malena Morales, directrice nationale d&rsquo;Ipas Bolivie. \u00ab\u00a0<em>Cette pratique est profond\u00e9ment naturalis\u00e9e et nous ne devrions pas attendre des milliers de cas pour r\u00e9agir. Il suffit que nous soyons pr\u00e9occup\u00e9s par le fait qu&rsquo;une fille soit victime d&rsquo;un pr\u00e9judice. <\/em>\u00ab\u00a0, a-t-il soulign\u00e9.<\/p>\n<p>[\/et_pb_testimonial][et_pb_image src=\u00a0\u00bbhttps:\/\/ipasbolivia.org\/wp-content\/uploads\/2025\/07\/Imagen-de-WhatsApp-2025-07-01-a-las-11.24.07_cf03b7d8-scaled.jpg\u00a0\u00bb title_text=\u00a0\u00bbImage WhatsApp 2025-07-01 \u00e0 11.24.07_cf03b7d8&Prime; _builder_version=\u00a0\u00bb4.27.4&Prime; _module_preset=\u00a0\u00bbdefault\u00a0\u00bb global_colors_info=\u00a0\u00bb{}\u00a0\u00bb theme_builder_area=\u00a0\u00bbpost_content\u00a0\u00bb][\/et_pb_image][et_pb_text _builder_version=\u00a0\u00bb4.27.4&Prime; _module_preset=\u00a0\u00bbdefault\u00a0\u00bb custom_padding=\u00a0\u00bb6px|||||\u00a0\u00bb global_colors_info=\u00a0\u00bb{}\u00a0\u00bb theme_builder_area=\u00a0\u00bbpost_content\u00a0\u00bb]<\/p>\n<p>Selon les donn\u00e9es du Service d&rsquo;enregistrement civique (SERECI), entre 2014 et 2023, 4 804 mariages d&rsquo;adolescents \u00e2g\u00e9s de 16 \u00e0 17 ans ont \u00e9t\u00e9 enregistr\u00e9s. Les cons\u00e9quences sont alarmantes. Entre 2020 et 2023, 8 855 grossesses ont \u00e9t\u00e9 signal\u00e9es chez les enfants de moins de 15 ans et plus de 139 000 grossesses chez les adolescentes \u00e2g\u00e9es de 15 \u00e0 19 ans. En 2024, 240 filles de moins de 10 ans ont accouch\u00e9. Les filles de moins de 16 ans risquent quatre fois plus de mourir de causes maternelles que les femmes de plus de 20 ans.    <\/p>\n<p>Les dommages ne se limitent pas au physique. D\u00e9pression, abandon scolaire, pauvret\u00e9, infections sexuellement transmissibles (18 325 cas signal\u00e9s en 2024, donn\u00e9es fournies par Ipas Bolivia - Sistema Nacional de Informaci\u00f3n en Salud - SNIF) et d\u00e9pendance \u00e9conomique font partie d&rsquo;un cycle qui marque la vie de milliers de filles et d&rsquo;adolescentes. <\/p>\n<p><strong>Au cours de l&rsquo;\u00e9v\u00e9nement, la s\u00e9natrice Virginia Velasco, promotrice du projet de loi visant \u00e0 interdire les MUITF, a r\u00e9it\u00e9r\u00e9 son engagement en faveur des enfants. Le projet de loi a d\u00e9j\u00e0 \u00e9t\u00e9 approuv\u00e9 par le S\u00e9nat et devrait \u00eatre adopt\u00e9 par la Chambre des d\u00e9put\u00e9s avant la fin de la l\u00e9gislature en novembre. <\/strong><\/p>\n<p>La secr\u00e9taire technique de la Communaut\u00e9 des droits de l&rsquo;homme, M\u00f3nica Bay\u00e1, a d\u00e9nonc\u00e9 le fait qu&rsquo;il y ait m\u00eame des mariages avant l&rsquo;\u00e2ge de 16 ans. \u00ab\u00a0<em>Nous esp\u00e9rons que la loi prot\u00e8ge les filles et les adolescents, et non les agresseurs<\/em>\u00ab\u00a0, a-t-elle d\u00e9clar\u00e9.<\/p>\n<p>Depuis Ipas Bolivie, M. Morales a insist\u00e9 sur le fait que la solution ne r\u00e9side pas seulement dans une r\u00e9forme juridique, mais aussi dans la garantie de l&rsquo;acc\u00e8s \u00e0 la sant\u00e9, \u00e0 l&rsquo;\u00e9ducation, au soutien \u00e9conomique des familles et \u00e0 l&rsquo;autonomisation des filles. \u00ab\u00a0<em>Nous ne pouvons pas continuer \u00e0 permettre que les filles soient consid\u00e9r\u00e9es comme une monnaie d&rsquo;\u00e9change<\/em>\u00ab\u00a0, a-t-il conclu.<\/p>\n<p>[\/et_pb_text][\/et_pb_column][\/et_pb_row][et_pb_row column_structure=\u00a0\u00bb1_3,1_3,1_3&Prime; _builder_version=\u00a0\u00bb4.27.4&Prime; _module_preset=\u00a0\u00bbdefault\u00a0\u00bb global_colors_info=\u00a0\u00bb{}\u00a0\u00bb theme_builder_area=\u00a0\u00bbpost_content\u00a0\u00bb][et_pb_column type=\u00a0\u00bb1_3&Prime; _builder_version=\u00a0\u00bb4.27.4&Prime; _module_preset=\u00a0\u00bbdefault\u00a0\u00bb global_colors_info=\u00a0\u00bb{}\u00a0\u00bb theme_builder_area=\u00a0\u00bbpost_content\u00a0\u00bb][et_pb_image src=\u00a0\u00bbhttps:\/\/ipasbolivia.org\/wp-content\/uploads\/2025\/07\/Imagen-de-WhatsApp-2025-07-01-a-las-11.24.08_277f4aad-scaled.jpg\u00a0\u00bb title_text=\u00a0\u00bbImage WhatsApp 2025-07-01 \u00e0 11.24.08_277f4aad\u00a0\u00bb _builder_version=\u00a0\u00bb4.27.4&Prime; _module_preset=\u00a0\u00bbdefault\u00a0\u00bb global_colors_info=\u00a0\u00bb{}\u00a0\u00bb theme_builder_area=\u00a0\u00bbpost_content\u00a0\u00bb][\/et_pb_image][\/et_pb_column][et_pb_column type=\u00a0\u00bb1_3&Prime; _builder_version=\u00a0\u00bb4.27.4&Prime; _module_preset=\u00a0\u00bbdefault\u00a0\u00bb global_colors_info=\u00a0\u00bb{}\u00a0\u00bb theme_builder_area=\u00a0\u00bbpost_content\u00a0\u00bb][et_pb_image src=\u00a0\u00bbhttps:\/\/ipasbolivia.org\/wp-content\/uploads\/2025\/07\/Imagen-de-WhatsApp-2025-07-01-a-las-11.24.08_6d3e9012-scaled.jpg\u00a0\u00bb title_text=\u00a0\u00bbImage WhatsApp 2025-07-01 \u00e0 11.24.08_6d3e9012&Prime; _builder_version=\u00a0\u00bb4.27.4&Prime; _module_preset=\u00a0\u00bbdefault\u00a0\u00bb global_colors_info=\u00a0\u00bb{}\u00a0\u00bb theme_builder_area=\u00a0\u00bbpost_content\u00a0\u00bb][\/et_pb_image][\/et_pb_column][et_pb_column type=\u00a0\u00bb1_3&Prime; _builder_version=\u00a0\u00bb4.27.4&Prime; _module_preset=\u00a0\u00bbdefault\u00a0\u00bb global_colors_info=\u00a0\u00bb{}\u00a0\u00bb theme_builder_area=\u00a0\u00bbpost_content\u00a0\u00bb][et_pb_image src=\u00a0\u00bbhttps:\/\/ipasbolivia.org\/wp-content\/uploads\/2025\/07\/Imagen-de-WhatsApp-2025-07-01-a-las-11.24.09_424fc03d-scaled.jpg\u00a0\u00bb title_text=\u00a0\u00bbImage WhatsApp 2025-07-01 \u00e0 11.24.09_424fc03d\u00a0\u00bb _builder_version=\u00a0\u00bb4.27.4&Prime; _module_preset=\u00a0\u00bbdefault\u00a0\u00bb global_colors_info=\u00a0\u00bb{}\u00a0\u00bb theme_builder_area=\u00a0\u00bbpost_content\u00a0\u00bb][\/et_pb_image][\/et_pb_column][\/et_pb_row][et_pb_row _builder_version=\u00a0\u00bb4.27.4&Prime; _module_preset=\u00a0\u00bbdefault\u00a0\u00bb min_height=\u00a0\u00bb94.8px\u00a0\u00bb global_colors_info=\u00a0\u00bb{}\u00a0\u00bb theme_builder_area=\u00a0\u00bbpost_content\u00a0\u00bb][et_pb_column type=\u00a0\u00bb4_4&Prime; _builder_version=\u00a0\u00bb4.27.4&Prime; _module_preset=\u00a0\u00bbdefault\u00a0\u00bb global_colors_info=\u00a0\u00bb{}\u00a0\u00bb theme_builder_area=\u00a0\u00bbpost_content\u00a0\u00bb][et_pb_text _builder_version=\u00a0\u00bb4.27.4&Prime; _module_preset=\u00a0\u00bbdefault\u00a0\u00bb global_colors_info=\u00a0\u00bb{}\u00a0\u00bb theme_builder_area=\u00a0\u00bbpost_content\u00a0\u00bb]<\/p>\n<p>Ce dialogue renforce l&rsquo;appel urgent \u00e0 l&rsquo;action. Les organisations, institutions et m\u00e9dias organisateurs ont rappel\u00e9 que les MUITF ne font partie d&rsquo;aucune tradition digne d&rsquo;\u00eatre pr\u00e9serv\u00e9e, mais qu&rsquo;il s&rsquo;agit d&rsquo;une forme de violence \u00e0 laquelle il faut mettre un terme. <\/p>\n<p>[\/et_pb_text][\/et_pb_column][\/et_pb_row][et_pb_row _builder_version=\u00a0\u00bb4.27.4&Prime; _module_preset=\u00a0\u00bbdefault\u00a0\u00bb global_colors_info=\u00a0\u00bb{}\u00a0\u00bb theme_builder_area=\u00a0\u00bbpost_content\u00a0\u00bb][et_pb_column type=\u00a0\u00bb4_4&Prime; _builder_version=\u00a0\u00bb4.27.4&Prime; _module_preset=\u00a0\u00bbdefault\u00a0\u00bb global_colors_info=\u00a0\u00bb{}\u00a0\u00bb theme_builder_area=\u00a0\u00bbpost_content\u00a0\u00bb][\/et_pb_column][\/et_pb_row][\/et_pb_section]<\/p>\n","protected":false},"excerpt":{"rendered":"<p>Dans le but de sensibiliser et de discuter des graves cons\u00e9quences des mariages pr\u00e9coces et forc\u00e9s et des unions d&rsquo;enfants (MUITF) dans le pays, un dialogue organis\u00e9 par Ipas Bolivie, la Fondation pour le journalisme, l&rsquo;Association des journalistes de La Paz, le Cercle des femmes journalistes, la Communaut\u00e9 des droits de l&rsquo;homme et le Comit\u00e9 [&hellip;]<\/p>\n","protected":false},"author":16,"featured_media":4571,"comment_status":"closed","ping_status":"closed","sticky":false,"template":"","format":"standard","meta":{"_et_pb_use_builder":"on","_et_pb_old_content":"","_et_gb_content_width":"","inline_featured_image":false,"_monsterinsights_skip_tracking":false,"_monsterinsights_sitenote_active":false,"_monsterinsights_sitenote_note":"","_monsterinsights_sitenote_category":0,"footnotes":""},"categories":[34],"tags":[],"class_list":["post-4589","post","type-post","status-publish","format-standard","has-post-thumbnail","hentry","category-ipas-en-action"],"_links":{"self":[{"href":"https:\/\/ipasbolivia.org\/fr\/wp-json\/wp\/v2\/posts\/4589","targetHints":{"allow":["GET"]}}],"collection":[{"href":"https:\/\/ipasbolivia.org\/fr\/wp-json\/wp\/v2\/posts"}],"about":[{"href":"https:\/\/ipasbolivia.org\/fr\/wp-json\/wp\/v2\/types\/post"}],"author":[{"embeddable":true,"href":"https:\/\/ipasbolivia.org\/fr\/wp-json\/wp\/v2\/users\/16"}],"replies":[{"embeddable":true,"href":"https:\/\/ipasbolivia.org\/fr\/wp-json\/wp\/v2\/comments?post=4589"}],"version-history":[{"count":0,"href":"https:\/\/ipasbolivia.org\/fr\/wp-json\/wp\/v2\/posts\/4589\/revisions"}],"wp:featuredmedia":[{"embeddable":true,"href":"https:\/\/ipasbolivia.org\/fr\/wp-json\/wp\/v2\/media\/4571"}],"wp:attachment":[{"href":"https:\/\/ipasbolivia.org\/fr\/wp-json\/wp\/v2\/media?parent=4589"}],"wp:term":[{"taxonomy":"category","embeddable":true,"href":"https:\/\/ipasbolivia.org\/fr\/wp-json\/wp\/v2\/categories?post=4589"},{"taxonomy":"post_tag","embeddable":true,"href":"https:\/\/ipasbolivia.org\/fr\/wp-json\/wp\/v2\/tags?post=4589"}],"curies":[{"name":"wp","href":"https:\/\/api.w.org\/{rel}","templated":true}]}}