{"id":4511,"date":"2025-05-23T13:05:50","date_gmt":"2025-05-23T13:05:50","guid":{"rendered":"https:\/\/ipasbolivia.org\/ipas-bolivie-organise-une-reunion-interinstitutionnelle-pour-renforcer-lengagement-en-faveur-dune-prise-en-charge-globale-des-victimes-de-violences-sexuelles\/"},"modified":"2025-05-23T13:05:50","modified_gmt":"2025-05-23T13:05:50","slug":"ipas-bolivie-organise-une-reunion-interinstitutionnelle-pour-renforcer-lengagement-en-faveur-dune-prise-en-charge-globale-des-victimes-de-violences-sexuelles","status":"publish","type":"post","link":"https:\/\/ipasbolivia.org\/fr\/ipas-bolivie-organise-une-reunion-interinstitutionnelle-pour-renforcer-lengagement-en-faveur-dune-prise-en-charge-globale-des-victimes-de-violences-sexuelles\/","title":{"rendered":"Ipas Bolivie organise une r\u00e9union interinstitutionnelle pour renforcer l&rsquo;engagement en faveur d&rsquo;une prise en charge globale des victimes de violences sexuelles"},"content":{"rendered":"<p>Le 23 mai, Ipas Bolivie a dirig\u00e9 la Conf\u00e9rence d\u00e9partementale interagences pour la prise en charge des victimes de violences sexuelles \u00e0 l&rsquo;h\u00f4tel Presidente, dans la ville de La Paz. Cette r\u00e9union visait \u00e0 renforcer la coordination entre les principales institutions et \u00e0 am\u00e9liorer la prise en charge globale des victimes de violences sexuelles. <\/p>\n<p>Cette activit\u00e9 fait partie des efforts d&rsquo;Ipas Bolivie pour renforcer la mise en \u0153uvre de l&rsquo;itin\u00e9raire d&rsquo;action interinstitutionnel (RAI), un outil promu par le gouvernement bolivien pour garantir des r\u00e9ponses coordonn\u00e9es, opportunes et fond\u00e9es sur les droits aux femmes, aux adolescentes et aux fillettes victimes de violences sexuelles. Ipas a accompagn\u00e9 ce processus en fournissant une assistance technique, en g\u00e9n\u00e9rant des donn\u00e9es cl\u00e9s et en promouvant des espaces de coordination entre les secteurs de la sant\u00e9, de la justice, de la police et des services sp\u00e9cialis\u00e9s. <\/p>\n<p>L \u00ab \u00e9v\u00e9nement a rassembl\u00e9 des repr\u00e9sentants et du personnel d&rsquo;institutions cl\u00e9s dans ce processus, y compris des h\u00f4pitaux de premier et de second niveau, la Force sp\u00e9ciale de lutte contre la violence (FELCV), le Service d\u00e9partemental de sant\u00e9 (SEDES), et le minist\u00e8re de la Sant\u00e9 et des Sports. L&rsquo;objectif principal de la conf\u00e9rence \u00e9tait de renforcer l&rsquo;engagement interinstitutionnel, d \u00bb \u00e9changer des exp\u00e9riences et d&rsquo;actualiser les connaissances techniques pour une meilleure mise en \u0153uvre du RAI dans le d\u00e9partement de La Paz. <\/p>\n<p><img decoding=\"async\" src=\"https:\/\/cdn.prod.website-files.com\/5f8bb57939466a7f6ac90555\/6847043f8d3149e8b6b0ea80_Captura%20de%20pantalla%202025-06-09%20a%20la(s)%2011.51.16%E2%80%AFa.%C2%A0m..png\"><\/p>\n<p>Juan Carlos Camacho, directeur technique de SEDES La Paz, le minist\u00e8re de la Sant\u00e9 et des Sports, Malena Morales, directrice nationale d&rsquo;Ipas Bolivie, le Cnl. DESP. Mirco Ant\u00f3nio Sokol Saravia, directeur A.I. de la FELCV ; et la repr\u00e9sentation du minist\u00e8re public. Toutes les autorit\u00e9s ont convenu de l&rsquo;importance d&rsquo;une action conjointe qui donne la priorit\u00e9 au bien-\u00eatre physique et \u00e9motionnel des survivants.     <\/p>\n<p>Au cours de la matin\u00e9e, les principaux obstacles identifi\u00e9s dans la collecte de preuves m\u00e9dicales, l&rsquo;utilisation du certificat unique de la loi 348 et l&rsquo;interruption l\u00e9gale de grossesse ont \u00e9t\u00e9 pr\u00e9sent\u00e9s, ainsi que la valeur de la bo\u00eete \u00e0 preuves dans les processus judiciaires. Le personnel de la FELCV a \u00e9galement dispens\u00e9 une formation sur la cha\u00eene de possession et son importance pour garantir la justice. <\/p>\n<p><img decoding=\"async\" src=\"https:\/\/cdn.prod.website-files.com\/5f8bb57939466a7f6ac90555\/68470487342eade8021e69e9_Captura%20de%20pantalla%202025-06-09%20a%20la(s)%2011.57.46%E2%80%AFa.%C2%A0m..png\"><\/p>\n<p>Dans la deuxi\u00e8me partie de la journ\u00e9e, les participants se sont organis\u00e9s en tables th\u00e9matiques pour travailler sur des cas simul\u00e9s n\u00e9cessitant une articulation entre les diff\u00e9rents secteurs. Ces exercices ont permis aux participants de r\u00e9fl\u00e9chir au r\u00f4le de chaque institution au sein du RAI et de s&rsquo;entra\u00eener \u00e0 une coordination efficace au profit des victimes. <\/p>\n<p>Le sergent-major Jorge Luis Choque Fern\u00e1ndez, responsable du domaine de la pr\u00e9vention, de la formation et de la coordination interinstitutionnelle du Felcv, a comment\u00e9 l&rsquo;\u00e9v\u00e9nement :<\/p>\n<p>\u00ab\u00a0Je pense qu&rsquo;il est tr\u00e8s important de concentrer nos crit\u00e8res aux tables de travail pour standardiser certaines proc\u00e9dures, ce qui nous permettra de mieux prendre en charge les victimes qui se pr\u00e9sentent \u00e0 la police et aux centres de sant\u00e9, et de renforcer nos efforts inter-agences.<\/p>\n<p>La journ\u00e9e s&rsquo;est achev\u00e9e par la remise de bo\u00eetes de preuves aux \u00e9tablissements de sant\u00e9, r\u00e9affirmant l&rsquo;engagement des institutions pr\u00e9sentes \u00e0 continuer de renforcer la prise en charge globale, empathique et non victimisante de toutes les victimes de violences sexuelles.<\/p>\n","protected":false},"excerpt":{"rendered":"<p>Le 23 mai, Ipas Bolivie a dirig\u00e9 la Conf\u00e9rence d\u00e9partementale interagences pour la prise en charge des victimes de violences sexuelles \u00e0 l&rsquo;h\u00f4tel Presidente, dans la ville de La Paz. Cette r\u00e9union visait \u00e0 renforcer la coordination entre les principales institutions et \u00e0 am\u00e9liorer la prise en charge globale des victimes de violences sexuelles. Cette [&hellip;]<\/p>\n","protected":false},"author":17,"featured_media":4422,"comment_status":"closed","ping_status":"closed","sticky":false,"template":"","format":"standard","meta":{"_et_pb_use_builder":"","_et_pb_old_content":"","_et_gb_content_width":"","inline_featured_image":false,"_monsterinsights_skip_tracking":false,"_monsterinsights_sitenote_active":false,"_monsterinsights_sitenote_note":"","_monsterinsights_sitenote_category":0,"footnotes":""},"categories":[34],"tags":[84,86,74],"class_list":["post-4511","post","type-post","status-publish","format-standard","has-post-thumbnail","hentry","category-ipas-en-action","tag-ile-fr","tag-interruption-legale-de-grossesse","tag-reglementations-nationales"],"_links":{"self":[{"href":"https:\/\/ipasbolivia.org\/fr\/wp-json\/wp\/v2\/posts\/4511","targetHints":{"allow":["GET"]}}],"collection":[{"href":"https:\/\/ipasbolivia.org\/fr\/wp-json\/wp\/v2\/posts"}],"about":[{"href":"https:\/\/ipasbolivia.org\/fr\/wp-json\/wp\/v2\/types\/post"}],"author":[{"embeddable":true,"href":"https:\/\/ipasbolivia.org\/fr\/wp-json\/wp\/v2\/users\/17"}],"replies":[{"embeddable":true,"href":"https:\/\/ipasbolivia.org\/fr\/wp-json\/wp\/v2\/comments?post=4511"}],"version-history":[{"count":0,"href":"https:\/\/ipasbolivia.org\/fr\/wp-json\/wp\/v2\/posts\/4511\/revisions"}],"wp:featuredmedia":[{"embeddable":true,"href":"https:\/\/ipasbolivia.org\/fr\/wp-json\/wp\/v2\/media\/4422"}],"wp:attachment":[{"href":"https:\/\/ipasbolivia.org\/fr\/wp-json\/wp\/v2\/media?parent=4511"}],"wp:term":[{"taxonomy":"category","embeddable":true,"href":"https:\/\/ipasbolivia.org\/fr\/wp-json\/wp\/v2\/categories?post=4511"},{"taxonomy":"post_tag","embeddable":true,"href":"https:\/\/ipasbolivia.org\/fr\/wp-json\/wp\/v2\/tags?post=4511"}],"curies":[{"name":"wp","href":"https:\/\/api.w.org\/{rel}","templated":true}]}}