{"id":4381,"date":"2025-04-23T20:37:53","date_gmt":"2025-04-23T20:37:53","guid":{"rendered":"https:\/\/ipasbolivia.org\/la-bolivie-prend-une-mesure-historique-contre-le-mariage-des-enfants-le-senat-approuve-une-loi-visant-a-eliminer-les-exceptions-a-partir-de-16-ans\/"},"modified":"2025-06-13T20:41:52","modified_gmt":"2025-06-13T20:41:52","slug":"la-bolivie-prend-une-mesure-historique-contre-le-mariage-des-enfants-le-senat-approuve-une-loi-visant-a-eliminer-les-exceptions-a-partir-de-16-ans","status":"publish","type":"post","link":"https:\/\/ipasbolivia.org\/fr\/la-bolivie-prend-une-mesure-historique-contre-le-mariage-des-enfants-le-senat-approuve-une-loi-visant-a-eliminer-les-exceptions-a-partir-de-16-ans\/","title":{"rendered":"LA BOLIVIE PREND UNE MESURE HISTORIQUE CONTRE LE MARIAGE DES ENFANTS : LE S\u00c9NAT APPROUVE UNE LOI VISANT \u00c0 \u00c9LIMINER LES EXCEPTIONS \u00c0 PARTIR DE 16 ANS"},"content":{"rendered":"<div style=\"width: 4042px\" class=\"wp-caption alignnone\"><img loading=\"lazy\" decoding=\"async\" src=\"https:\/\/cdn.prod.website-files.com\/5f8bb57939466a7f6ac90555\/680f812fc98f02b20c70af03_14.jpg\" alt=\"Projection de l'article 1 du projet de loi modifiant la loi n\u00b0 603 du code de la famille et de la proc\u00e9dure familiale.\" width=\"4032\" height=\"3024\"><p class=\"wp-caption-text\">Projection de l&rsquo;article 1 du projet de loi modifiant la loi n\u00b0 603 du code de la famille et de la proc\u00e9dure familiale.<\/p><\/div>\n<p><strong><em>La modification du code de la famille a \u00e9t\u00e9 promue par la s\u00e9natrice Virginia Velasco, avec le soutien technique d&rsquo;Ipas Bolivie et de la Communaut\u00e9 des droits de l&rsquo;homme, et l&rsquo;articulation des organisations civiles qui luttent pour les droits de l&rsquo;enfant.<\/em><\/strong><\/p>\n<div style=\"width: 4042px\" class=\"wp-caption alignnone\"><img loading=\"lazy\" decoding=\"async\" src=\"https:\/\/cdn.prod.website-files.com\/5f8bb57939466a7f6ac90555\/680f80d08999c68daef704f2_12.jpg\" alt=\"\" width=\"4032\" height=\"3024\"><p class=\"wp-caption-text\">Vue g\u00e9n\u00e9rale de l&rsquo;h\u00e9micycle du S\u00e9nat lors de la s\u00e9ance du 23 avril 2025, jour de l&rsquo;adoption de la loi.<\/p><\/div>\n<p>Ce mercredi, le S\u00e9nat bolivien a approuv\u00e9 le projet de loi qui modifie la loi n\u00b0 603, \u00ab\u00a0Code des familles et du processus familial\u00a0\u00bb, en \u00e9liminant les exceptions l\u00e9gales qui permettaient le mariage \u00e0 partir de l&rsquo;\u00e2ge de 16 ans avec l&rsquo;autorisation d&rsquo;un juge ou d&rsquo;un parent. Cette avanc\u00e9e repr\u00e9sente une victoire historique pour la protection des filles et des adolescentes contre les mariages et unions d&rsquo;enfants, pr\u00e9coces et forc\u00e9s (MUITF), et marque un changement profond vers la garantie d&rsquo;une enfance sans violence. <\/p>\n<div style=\"width: 1610px\" class=\"wp-caption alignnone\"><img loading=\"lazy\" decoding=\"async\" src=\"https:\/\/cdn.prod.website-files.com\/5f8bb57939466a7f6ac90555\/680f832d9ddc621a7c96bd33_Imagen%20de%20WhatsApp%202025-04-28%20a%20las%2009.28.33_e9ffca9d.jpg\" alt=\"\" width=\"1600\" height=\"1200\"><p class=\"wp-caption-text\">La s\u00e9natrice Virginia Velasco Condori, repr\u00e9sentante du d\u00e9partement de La Paz et promotrice du projet de loi, lors de son intervention devant la pl\u00e9ni\u00e8re.<\/p><\/div>\n<p>\u00ab Nous devons emp\u00eacher cela. Nous ne pouvons pas permettre que nos filles subissent des violences, des violences psychologiques, des violences f\u00e9minicides. [Entre 2014 et 2024, 6 001 MUITF ont \u00e9t\u00e9 enregistr\u00e9es, des cas dans lesquels des r\u00eaves ont \u00e9t\u00e9 bris\u00e9s \u00bb, a d\u00e9clar\u00e9 la s\u00e9natrice Velasco dans son discours.<\/p>\n<p>La nouvelle loi propose de modifier le code des familles et des proc\u00e9dures familiales, en \u00e9liminant toute exception autorisant le mariage avant l \u00ab \u00e2ge de 18 ans. Son approbation constitue une avanc\u00e9e significative dans le respect des engagements pris par l \u00bb \u00c9tat bolivien devant les instances internationales. <\/p>\n<p>Les partenaires ont rappel\u00e9 que les MUIFT sont \u00e9troitement li\u00e9es \u00e0 l&rsquo;abandon scolaire, aux grossesses non d\u00e9sir\u00e9es chez les adolescentes et \u00e0 de multiples formes de violence sexiste. Dans ce contexte, ce changement l\u00e9gislatif vise \u00e0 prot\u00e9ger le droit des filles et des adolescentes \u00e0 vivre une enfance de libert\u00e9, de s\u00e9curit\u00e9 et d&rsquo;opportunit\u00e9s. <\/p>\n<div style=\"width: 1610px\" class=\"wp-caption alignnone\"><img loading=\"lazy\" decoding=\"async\" src=\"https:\/\/cdn.prod.website-files.com\/5f8bb57939466a7f6ac90555\/680f8383cbb98125fa30552d_Imagen%20de%20WhatsApp%202025-04-28%20a%20las%2009.28.33_ab51d4d9.jpg\" alt=\"\" width=\"1600\" height=\"1200\"><p class=\"wp-caption-text\">Les l\u00e9gislateurs examinent la brochure d&rsquo;information de l&rsquo;UCIEM, produite par Ipas Bolivie dans le cadre de ses activit\u00e9s de plaidoyer en faveur de l&rsquo;adoption de la loi.<\/p><\/div>\n<p>\u00ab Lorsqu&rsquo;une fille se marie, elle perd son enfance. Cette loi est un message clair : les filles ne sont pas des \u00e9pouses ou des concubines \u00bb, a d\u00e9clar\u00e9 Malena Morales, directrice nationale d&rsquo;Ipas Bolivie. Ipas Bolivie a accompagn\u00e9 ce processus dans le cadre de la campagne.   <a href=\"https:\/\/www.instagram.com\/niesposasniconcubinas\/\">\u00ab\u00a0Pas d&rsquo;\u00e9pouses, pas de concubines. Les filles sont des filles <\/a>La campagne \u00ab\u00a0Le mariage des enfants et la vie des filles\u00a0\u00bb a mobilis\u00e9 les voix des communaut\u00e9s, des centres \u00e9ducatifs, des r\u00e9seaux sociaux et des m\u00e9dias, sensibilisant \u00e0 l&rsquo;urgence d&rsquo;\u00e9liminer le mariage des enfants en tant que forme de violence et de vie des filles.<\/p>\n<div style=\"width: 4042px\" class=\"wp-caption alignnone\"><img loading=\"lazy\" decoding=\"async\" src=\"https:\/\/cdn.prod.website-files.com\/5f8bb57939466a7f6ac90555\/680f81167cada6f2ba8b68ea_16.jpg\" alt=\"\" width=\"4032\" height=\"3024\"><p class=\"wp-caption-text\">Vue g\u00e9n\u00e9rale des s\u00e9nateurs votant dans l&rsquo;h\u00e9micycle du S\u00e9nat lors de la s\u00e9ance du 23 avril 2025, jour de l&rsquo;adoption de la loi.<\/p><\/div>\n<p><strong>Prochaine \u00e9tape :<\/strong><\/p>\n<p>Apr\u00e8s son approbation par le S\u00e9nat, le projet de loi sera transmis \u00e0 la Chambre des d\u00e9put\u00e9s. Ipas Bolivie est convaincue que cet organe reconna\u00eetra \u00e9galement l&rsquo;urgence de cette l\u00e9gislation afin de progresser vers un pays plus juste et plus \u00e9quitable. <\/p>\n<p>Pas d&rsquo;\u00e9pouses, pas de concubines. Les filles sont des filles ! <\/p>\n","protected":false},"excerpt":{"rendered":"<p>La modification du code de la famille a \u00e9t\u00e9 promue par la s\u00e9natrice Virginia Velasco, avec le soutien technique d&rsquo;Ipas Bolivie et de la Communaut\u00e9 des droits de l&rsquo;homme, et l&rsquo;articulation des organisations civiles qui luttent pour les droits de l&rsquo;enfant. Ce mercredi, le S\u00e9nat bolivien a approuv\u00e9 le projet de loi qui modifie la [&hellip;]<\/p>\n","protected":false},"author":2,"featured_media":0,"comment_status":"closed","ping_status":"closed","sticky":false,"template":"","format":"standard","meta":{"_et_pb_use_builder":"","_et_pb_old_content":"","_et_gb_content_width":"","inline_featured_image":false,"_monsterinsights_skip_tracking":false,"_monsterinsights_sitenote_active":false,"_monsterinsights_sitenote_note":"","_monsterinsights_sitenote_category":0,"footnotes":""},"categories":[34],"tags":[],"class_list":["post-4381","post","type-post","status-publish","format-standard","hentry","category-ipas-en-action"],"_links":{"self":[{"href":"https:\/\/ipasbolivia.org\/fr\/wp-json\/wp\/v2\/posts\/4381","targetHints":{"allow":["GET"]}}],"collection":[{"href":"https:\/\/ipasbolivia.org\/fr\/wp-json\/wp\/v2\/posts"}],"about":[{"href":"https:\/\/ipasbolivia.org\/fr\/wp-json\/wp\/v2\/types\/post"}],"author":[{"embeddable":true,"href":"https:\/\/ipasbolivia.org\/fr\/wp-json\/wp\/v2\/users\/2"}],"replies":[{"embeddable":true,"href":"https:\/\/ipasbolivia.org\/fr\/wp-json\/wp\/v2\/comments?post=4381"}],"version-history":[{"count":0,"href":"https:\/\/ipasbolivia.org\/fr\/wp-json\/wp\/v2\/posts\/4381\/revisions"}],"wp:attachment":[{"href":"https:\/\/ipasbolivia.org\/fr\/wp-json\/wp\/v2\/media?parent=4381"}],"wp:term":[{"taxonomy":"category","embeddable":true,"href":"https:\/\/ipasbolivia.org\/fr\/wp-json\/wp\/v2\/categories?post=4381"},{"taxonomy":"post_tag","embeddable":true,"href":"https:\/\/ipasbolivia.org\/fr\/wp-json\/wp\/v2\/tags?post=4381"}],"curies":[{"name":"wp","href":"https:\/\/api.w.org\/{rel}","templated":true}]}}