{"id":4379,"date":"2025-04-11T20:34:41","date_gmt":"2025-04-11T20:34:41","guid":{"rendered":"https:\/\/ipasbolivia.org\/la-campagne-ni-epouses-ni-concubines-les-filles-sont-des-filles-est-relancee-avec-bolivision-lors-dun-evenement-en-direct-sur-les-medias-sociaux\/"},"modified":"2025-06-13T20:41:46","modified_gmt":"2025-06-13T20:41:46","slug":"la-campagne-ni-epouses-ni-concubines-les-filles-sont-des-filles-est-relancee-avec-bolivision-lors-dun-evenement-en-direct-sur-les-medias-sociaux","status":"publish","type":"post","link":"https:\/\/ipasbolivia.org\/fr\/la-campagne-ni-epouses-ni-concubines-les-filles-sont-des-filles-est-relancee-avec-bolivision-lors-dun-evenement-en-direct-sur-les-medias-sociaux\/","title":{"rendered":"La campagne \u00ab Ni \u00e9pouses ni concubines. Les filles sont des filles \u00bb est relanc\u00e9e avec Bolivision lors d&rsquo;un \u00e9v\u00e9nement en direct sur les m\u00e9dias sociaux."},"content":{"rendered":"<p><img decoding=\"async\" src=\"https:\/\/cdn.prod.website-files.com\/5f8bb57939466a7f6ac90555\/67fefcbe251cd73e70a74c1d_Captura%20de%20pantalla%202025-04-15%20a%20la(s)%208.40.59%E2%80%AFp.%C2%A0m..png\"><\/p>\n<p>Le 11 avril, la campagne \u00ab Ni esposas, ni concubinas. Les filles sont des filles \u00bb, une initiative promue par Ipas Bolivie qui vise \u00e0 sensibiliser au probl\u00e8me des unions pr\u00e9coces et forc\u00e9es et \u00e0 promouvoir un changement social urgent. \u00c0 cette occasion, le r\u00e9seau Bolivisi\u00f3n a officiellement rejoint la campagne et a soutenu sa diffusion par le biais d&rsquo;un \u00e9v\u00e9nement retransmis en direct sur les pages Facebook des deux institutions, contribuant ainsi \u00e0 ajouter des voix \u00e0 la d\u00e9fense des droits des filles. <\/p>\n<p>Le Parlement bolivien d\u00e9bat actuellement d&rsquo;un projet de loi visant \u00e0 interdire les mariages et les unions libres avec des personnes \u00e2g\u00e9es de moins de 18 ans. Cette l\u00e9gislation vise \u00e0 prot\u00e9ger les enfants et les adolescents des mariages et unions pr\u00e9coces et forc\u00e9s (MUITF) et de leurs cons\u00e9quences. <\/p>\n<p>Dans ce contexte, la campagne vise \u00e0 sensibiliser aux impacts n\u00e9gatifs de MUIFT sur la vie des filles et des adolescentes en Bolivie. Elle souligne \u00e9galement l&rsquo;urgence de positionner cette question dans le d\u00e9bat public et d&rsquo;exiger des actions concr\u00e8tes dans le pays. <\/p>\n<p>Jos\u00e9 Schulz, ambassadeur d&rsquo;Allemagne, et Adela Yapu, directrice du programme Ipas Bolivie, qui ont soulign\u00e9 l&rsquo;importance de cr\u00e9er des alliances entre les institutions, les pays et les m\u00e9dias pour travailler ensemble \u00e0 la sensibilisation et \u00e0 l&rsquo;action face \u00e0 cette r\u00e9alit\u00e9.<\/p>\n<p><img decoding=\"async\" src=\"https:\/\/cdn.prod.website-files.com\/5f8bb57939466a7f6ac90555\/67fefce1bef57c596cfbbf41_Captura%20de%20pantalla%202025-04-15%20a%20la(s)%208.41.56%E2%80%AFp.%C2%A0m..png\"><\/p>\n<p>Mart\u00edn Vidaurre, coordinateur politique d&rsquo;Ipas Bolivie, et le Dr. Germany Hurtado, consultante en sant\u00e9, ont ensuite pr\u00e9sent\u00e9 le contexte de MUIFT, en soulignant les cons\u00e9quences sanitaires telles que la violence sexuelle et physique, les grossesses non d\u00e9sir\u00e9es, ainsi que l&rsquo;impact sur le d\u00e9veloppement et les projets de vie des filles et des adolescentes.<\/p>\n<p>Wara Rojas, coordinatrice de la communication pour Ipas Bolivie, et Pamela Garc\u00eda Ecos, responsable nationale de la presse pour Bolivision, ont comment\u00e9 les actions de la campagne et pr\u00e9sent\u00e9 la bo\u00eete aux lettres des histoires anonymes, une plateforme num\u00e9rique qui permet aux gens de partager en toute s\u00e9curit\u00e9 et en toute confidentialit\u00e9 leurs exp\u00e9riences personnelles ou proches avec la MUITF. Cet outil vise \u00e0 amplifier les voix r\u00e9duites au silence et \u00e0 apporter des t\u00e9moignages au d\u00e9bat public. <\/p>\n<p><img decoding=\"async\" src=\"https:\/\/cdn.prod.website-files.com\/5f8bb57939466a7f6ac90555\/67fefd04f07298536d8cc695_Captura%20de%20pantalla%202025-04-11%20a%20la(s)%2011.18.27%E2%80%AFa.%C2%A0m..png\"><\/p>\n<p>La campagne a \u00e9galement sa page officielle sur Instagram, o\u00f9 elle partage des d\u00e9clarations de diff\u00e9rentes autorit\u00e9s, de personnalit\u00e9s publiques et du grand public qui s&rsquo;expriment contre MUIFT. Dans le m\u00eame temps, des histoires qui rendent le probl\u00e8me visible sont \u00e9galement post\u00e9es. <\/p>\n<p>Vous pouvez ajouter votre voix en laissant un t\u00e9moignage dans la bo\u00eete aux lettres num\u00e9rique ou devenir ambassadeur de la campagne. Prenez contact via Instagram, o\u00f9 votre opinion peut \u00eatre rendue visible dans une vid\u00e9o. Chaque voix compte, chaque action contribue.  <\/p>\n<p>Regardez l&rsquo;int\u00e9gralit\u00e9 de l&rsquo;\u00e9v\u00e9nement sur le lien suivant <a href=\"https:\/\/www.facebook.com\/watch\/live\/?ref=watch_permalink&amp;v=1724229001849037&amp;rdid=IS0L1Qx5ZV62SGGm\">: https:\/\/www.facebook.com\/share\/v\/1HZ2jTybbJ\/<\/a><\/p>\n<p>Partagez ou d\u00e9couvrez des histoires dans la bo\u00eete aux lettres anonyme <a href=\"https:\/\/padlet.com\/boliviaipas\/ni-esposas-ni-concubinas-las-ni-as-son-ni-as-3hlb6wjcja50k5iw\">: https:\/\/padlet.com\/boliviaipas\/ni-esposas-ni-concubinas-las-ni-as-son-ni-as-3hlb6wjcja50k5iw<\/a><\/p>\n<p>Visitez le site officiel de \u00ab Ni esposas Ni concubinas <a href=\"https:\/\/www.instagram.com\/niesposasniconcubinas\/\"> \u00bb : https:\/\/www.instagram.com\/niesposasniconcubinas\/<\/a><\/p>\n","protected":false},"excerpt":{"rendered":"<p>Le 11 avril, la campagne \u00ab Ni esposas, ni concubinas. Les filles sont des filles \u00bb, une initiative promue par Ipas Bolivie qui vise \u00e0 sensibiliser au probl\u00e8me des unions pr\u00e9coces et forc\u00e9es et \u00e0 promouvoir un changement social urgent. \u00c0 cette occasion, le r\u00e9seau Bolivisi\u00f3n a officiellement rejoint la campagne et a soutenu sa [&hellip;]<\/p>\n","protected":false},"author":2,"featured_media":4371,"comment_status":"closed","ping_status":"closed","sticky":false,"template":"","format":"standard","meta":{"_et_pb_use_builder":"","_et_pb_old_content":"","_et_gb_content_width":"","inline_featured_image":false,"_monsterinsights_skip_tracking":false,"_monsterinsights_sitenote_active":false,"_monsterinsights_sitenote_note":"","_monsterinsights_sitenote_category":0,"footnotes":""},"categories":[34],"tags":[],"class_list":["post-4379","post","type-post","status-publish","format-standard","has-post-thumbnail","hentry","category-ipas-en-action"],"_links":{"self":[{"href":"https:\/\/ipasbolivia.org\/fr\/wp-json\/wp\/v2\/posts\/4379","targetHints":{"allow":["GET"]}}],"collection":[{"href":"https:\/\/ipasbolivia.org\/fr\/wp-json\/wp\/v2\/posts"}],"about":[{"href":"https:\/\/ipasbolivia.org\/fr\/wp-json\/wp\/v2\/types\/post"}],"author":[{"embeddable":true,"href":"https:\/\/ipasbolivia.org\/fr\/wp-json\/wp\/v2\/users\/2"}],"replies":[{"embeddable":true,"href":"https:\/\/ipasbolivia.org\/fr\/wp-json\/wp\/v2\/comments?post=4379"}],"version-history":[{"count":0,"href":"https:\/\/ipasbolivia.org\/fr\/wp-json\/wp\/v2\/posts\/4379\/revisions"}],"wp:featuredmedia":[{"embeddable":true,"href":"https:\/\/ipasbolivia.org\/fr\/wp-json\/wp\/v2\/media\/4371"}],"wp:attachment":[{"href":"https:\/\/ipasbolivia.org\/fr\/wp-json\/wp\/v2\/media?parent=4379"}],"wp:term":[{"taxonomy":"category","embeddable":true,"href":"https:\/\/ipasbolivia.org\/fr\/wp-json\/wp\/v2\/categories?post=4379"},{"taxonomy":"post_tag","embeddable":true,"href":"https:\/\/ipasbolivia.org\/fr\/wp-json\/wp\/v2\/tags?post=4379"}],"curies":[{"name":"wp","href":"https:\/\/api.w.org\/{rel}","templated":true}]}}