{"id":1728,"date":"2025-04-11T09:25:16","date_gmt":"2025-04-11T09:25:16","guid":{"rendered":"https:\/\/ipasbolivia.org\/en-bolivie-19-signalements-de-violences-sexuelles-sur-mineurs-sont-enregistres-en-moyenne-chaque-jour\/"},"modified":"2025-06-13T20:13:40","modified_gmt":"2025-06-13T20:13:40","slug":"en-bolivie-19-signalements-de-violences-sexuelles-sur-mineurs-sont-enregistres-en-moyenne-chaque-jour","status":"publish","type":"post","link":"https:\/\/ipasbolivia.org\/fr\/en-bolivie-19-signalements-de-violences-sexuelles-sur-mineurs-sont-enregistres-en-moyenne-chaque-jour\/","title":{"rendered":"En Bolivie, 19 signalements de violences sexuelles sur mineurs sont enregistr\u00e9s en moyenne chaque jour."},"content":{"rendered":"<p>[et_pb_section fb_built=\u00a0\u00bb1&Prime; admin_label=\u00a0\u00bbsection\u00a0\u00bb _builder_version=\u00a0\u00bb4.27.4&Prime; _module_preset=\u00a0\u00bb8fb1a7ed-3eb3-418d-a3dd-d3faa703d245&Prime; global_colors_info=\u00a0\u00bb{}\u00a0\u00bb][et_pb_row admin_label=\u00a0\u00bbrang\u00e9e\u00a0\u00bb _builder_version=\u00a0\u00bb4.27.4&Prime; _module_preset=\u00a0\u00bb7991fac3-7a4b-4646-89db-7d8ccb22a30b\u00a0\u00bb background_size=\u00a0\u00bbinitial\u00a0\u00bb background_position=\u00a0\u00bbtop_left\u00a0\u00bb background_repeat=\u00a0\u00bbrepeat\u00a0\u00bb module_alignment=\u00a0\u00bbcenter\u00a0\u00bb custom_margin=\u00a0\u00bb0px|auto|0px|auto|false|false\u00a0\u00bb custom_padding=\u00a0\u00bb0px||0px||false|false\u00a0\u00bb global_colors_info=\u00a0\u00bb{}\u00a0\u00bb width__hover_enabled=\u00a0\u00bbon|desktop\u00a0\u00bb width__hover=\u00a0\u00bb100%\u00a0\u00bb max_width__hover_enabled=\u00a0\u00bbon|hover\u00a0\u00bb max_width__hover=\u00a0\u00bb100%\u00a0\u00bb][et_pb_column type=\u00a0\u00bb4_4&Prime; _builder_version=\u00a0\u00bb4.16&Prime; custom_padding=\u00a0\u00bb|||\u00a0\u00bb global_colors_info=\u00a0\u00bb{}\u00a0\u00bb custom_padding__hover=\u00a0\u00bb|||\u00a0\u00bb][et_pb_text _builder_version=\u00a0\u00bb4.27.4&Prime; _module_preset=\u00a0\u00bb6b4605f6-e701-4240-ba12-913d455703e4&Prime; global_colors_info=\u00a0\u00bb{}\u00a0\u00bb width__hover_enabled=\u00a0\u00bbon|hover\u00a0\u00bb]<\/p>\n<p>En Bolivie, 19 cas de violence sexuelle contre des mineurs sont enregistr\u00e9s en moyenne chaque jour. Pour la seule ann\u00e9e 2024, 6 868 cas d&rsquo;abus sexuels sur des enfants et 38 infanticides ont \u00e9t\u00e9 signal\u00e9s, selon les donn\u00e9es officielles. <\/p>\n<p>\u00ab\u00a0Nous avons des chiffres tr\u00e8s s\u00e9rieux. En 2024, nous avons recens\u00e9 38 victimes : des enfants et des adolescents morts de mani\u00e8re violente. En outre, environ 6 868 cas de violence sexuelle ont \u00e9t\u00e9 signal\u00e9s\u00a0\u00bb, a d\u00e9clar\u00e9 Rosaly Ledezma, experte de l&rsquo;UNICEF en mati\u00e8re de politique sociale et de r\u00e9glementation pour les enfants, lors d&rsquo;un entretien avec l&rsquo;\u00e9mission Piedra, Papel y Tinta de La Raz\u00f3n.<\/p>\n<p>M. Ledezma a averti que les chiffres pourraient \u00eatre encore plus \u00e9lev\u00e9s, car de nombreux cas ne parviennent pas aux autorit\u00e9s, en particulier dans les r\u00e9gions recul\u00e9es du pays. \u00ab\u00a0Le plus grave, c&rsquo;est que de nombreuses agressions ne sont pas signal\u00e9es et restent totalement impunies\u00a0\u00bb, a-t-il averti. <\/p>\n<p>Outre les cas de violence extr\u00eame, une enqu\u00eate de perception men\u00e9e par \u00ab\u00a0Voz de la ni\u00f1ez\u00a0\u00bb r\u00e9v\u00e8le que les enfants ne se sentent pas en s\u00e9curit\u00e9 dans leur environnement quotidien : 2 sur 10 ne se sentent pas en s\u00e9curit\u00e9 chez eux ; 6 sur 10 ont peur \u00e0 l&rsquo;\u00e9cole ; et 8 sur 10 se sentent vuln\u00e9rables dans les environnements num\u00e9riques.<\/p>\n<p>\u00ab\u00a0Lorsque vous leur demandez \u00e0 qui ils racontent leurs joies et leurs peines, beaucoup r\u00e9pondent \u00e0 leur animal de compagnie. Ils n&rsquo;ont personne \u00e0 qui parler de leurs \u00e9motions\u00a0\u00bb, a d\u00e9clar\u00e9 Mme Ledezma.<\/p>\n<p>L&rsquo;expert a \u00e9galement \u00e9voqu\u00e9 la situation \u00e9conomique. Selon les donn\u00e9es de l&rsquo;Unidad de An\u00e1lisis de Pol\u00edticas Sociales y Econ\u00f3micas (UDAPE), un enfant sur deux en Bolivie vit dans la pauvret\u00e9 et un sur six dans l&rsquo;extr\u00eame pauvret\u00e9. <\/p>\n<p>\u00ab\u00a0Entre 2023 et 2025, nous pr\u00e9voyons une d\u00e9t\u00e9rioration des conditions \u00e9conomiques et de l&rsquo;acc\u00e8s aux produits de base, de sorte que la situation est probablement plus grave que nous ne l&rsquo;avions imagin\u00e9\u00a0\u00bb, a-t-il averti.<\/p>\n<p>En termes de protection institutionnelle, M. Ledezma a d\u00e9nonc\u00e9 le fait que seules 82% des municipalit\u00e9s du pays disposent de bureaux de m\u00e9diateurs pour les enfants et que, dans la plupart d&rsquo;entre elles, la m\u00eame personne s&rsquo;occupe simultan\u00e9ment de secteurs tels que l&rsquo;enfance, le handicap, l&rsquo;\u00e9galit\u00e9 des sexes et les personnes \u00e2g\u00e9es. En outre, de nombreux fonctionnaires travaillent dans le cadre de contrats \u00e0 court terme, ce qui les emp\u00eache d&rsquo;assurer un suivi efficace des dossiers. <\/p>\n<p>\u00ab\u00a0Le pays investit dans la formation et les agences internationales apportent leur aide. Mais si les fonctionnaires changent tous les trois mois, les affaires s&rsquo;enlisent. Il n&rsquo;y a pas de continuit\u00e9\u00a0\u00bb, d\u00e9plore-t-il.<\/p>\n<p>\u00ab\u00a0Ce que nous savons, c&rsquo;est que dans notre pays, la pauvret\u00e9 et la violence ont le visage d&rsquo;une fille, et nous nous demandons donc ce qui se passe, pourquoi nous avons le visage d&rsquo;une fille, le visage d&rsquo;une femme et le visage d&rsquo;une fille. Nous devons donc nous poser cette question et, si nous allons plus loin, celle du visage d&rsquo;une personne autochtone\u00a0\u00bb, a-t-elle ajout\u00e9.<\/p>\n<p>M. Ledezma a lanc\u00e9 un appel aux candidats \u00e0 l&rsquo;\u00e9lection pr\u00e9sidentielle de 2025 : \u00ab\u00a0Le pays investit environ 8,5 % de son PIB dans les enfants, principalement dans l&rsquo;\u00e9ducation. Mais il y a aussi des probl\u00e8mes de qualit\u00e9 de l&rsquo;apprentissage. C&rsquo;est pourquoi il est n\u00e9cessaire d&rsquo;adopter un programme urgent\u00a0\u00bb.<\/p>\n<p>Parmi les piliers de cet agenda, il a propos\u00e9 : la protection contre la pauvret\u00e9 ; une \u00e9ducation de qualit\u00e9 ; des environnements s\u00fbrs et protecteurs ; l&rsquo;acc\u00e8s \u00e0 une sant\u00e9 r\u00e9siliente, en particulier au cours des mille premiers jours de la vie.<\/p>\n<p>En ce qui concerne les mesures \u00e0 prendre, il a indiqu\u00e9 : des bons d&rsquo;achat bien con\u00e7us, sans exclusions ; un syst\u00e8me de prise en charge, afin que les m\u00e8res et les p\u00e8res puissent travailler sans laisser les enfants seuls ou \u00e0 la charge de fr\u00e8res et s\u0153urs plus \u00e2g\u00e9s ; un plan national de r\u00e9duction de la pauvret\u00e9 des enfants avec une approche globale ; le renforcement des bureaux des m\u00e9diateurs des enfants et la stabilit\u00e9 de l&#8217;emploi pour leur personnel ; un syst\u00e8me de suivi informatis\u00e9 en temps r\u00e9el des cas de violence ; et un travail de pr\u00e9vention, avec la participation active de l&rsquo;\u00c9tat, de la soci\u00e9t\u00e9 civile, des m\u00e9dias et du bureau du m\u00e9diateur.<\/p>\n<p>Enfin, Mme Ledezma a rappel\u00e9 que toutes ces informations, ainsi que des \u00e9tudes compl\u00e9mentaires, sont disponibles sur le site web et les r\u00e9seaux sociaux de l&rsquo;UNICEF.<\/p>\n<p>[\/et_pb_text][\/et_pb_column][\/et_pb_row][\/et_pb_section]<\/p>\n","protected":false},"excerpt":{"rendered":"<p>En Bolivie, 19 cas de violence sexuelle contre des mineurs sont enregistr\u00e9s en moyenne chaque jour. Pour la seule ann\u00e9e 2024, 6 868 cas d&rsquo;abus sexuels sur des enfants et 38 infanticides ont \u00e9t\u00e9 signal\u00e9s, selon les donn\u00e9es officielles. <\/p>\n","protected":false},"author":12,"featured_media":1677,"comment_status":"closed","ping_status":"closed","sticky":false,"template":"","format":"standard","meta":{"_et_pb_use_builder":"on","_et_pb_old_content":"","_et_gb_content_width":"","inline_featured_image":false,"_monsterinsights_skip_tracking":false,"_monsterinsights_sitenote_active":false,"_monsterinsights_sitenote_note":"","_monsterinsights_sitenote_category":0,"footnotes":""},"categories":[29],"tags":[],"class_list":["post-1728","post","type-post","status-publish","format-standard","has-post-thumbnail","hentry","category-notre-pays"],"_links":{"self":[{"href":"https:\/\/ipasbolivia.org\/fr\/wp-json\/wp\/v2\/posts\/1728","targetHints":{"allow":["GET"]}}],"collection":[{"href":"https:\/\/ipasbolivia.org\/fr\/wp-json\/wp\/v2\/posts"}],"about":[{"href":"https:\/\/ipasbolivia.org\/fr\/wp-json\/wp\/v2\/types\/post"}],"author":[{"embeddable":true,"href":"https:\/\/ipasbolivia.org\/fr\/wp-json\/wp\/v2\/users\/12"}],"replies":[{"embeddable":true,"href":"https:\/\/ipasbolivia.org\/fr\/wp-json\/wp\/v2\/comments?post=1728"}],"version-history":[{"count":0,"href":"https:\/\/ipasbolivia.org\/fr\/wp-json\/wp\/v2\/posts\/1728\/revisions"}],"wp:featuredmedia":[{"embeddable":true,"href":"https:\/\/ipasbolivia.org\/fr\/wp-json\/wp\/v2\/media\/1677"}],"wp:attachment":[{"href":"https:\/\/ipasbolivia.org\/fr\/wp-json\/wp\/v2\/media?parent=1728"}],"wp:term":[{"taxonomy":"category","embeddable":true,"href":"https:\/\/ipasbolivia.org\/fr\/wp-json\/wp\/v2\/categories?post=1728"},{"taxonomy":"post_tag","embeddable":true,"href":"https:\/\/ipasbolivia.org\/fr\/wp-json\/wp\/v2\/tags?post=1728"}],"curies":[{"name":"wp","href":"https:\/\/api.w.org\/{rel}","templated":true}]}}