{"id":1430,"date":"2025-03-05T01:14:05","date_gmt":"2025-03-05T01:14:05","guid":{"rendered":"https:\/\/ipasbolivia.org\/en-commemoration-de-la-journee-internationale-de-lhomme-ipas-bolivie-et-le-reseau-bolivien-des-masculinites-actives-rmab-avec-le-soutien-de-lambassade-du-canada-ont-organise-la-foire-plus-d\/"},"modified":"2025-06-13T20:11:43","modified_gmt":"2025-06-13T20:11:43","slug":"en-commemoration-de-la-journee-internationale-de-lhomme-ipas-bolivie-et-le-reseau-bolivien-des-masculinites-actives-rmab-avec-le-soutien-de-lambassade-du-canada-ont-organise-la-foire-plus-d","status":"publish","type":"post","link":"https:\/\/ipasbolivia.org\/fr\/en-commemoration-de-la-journee-internationale-de-lhomme-ipas-bolivie-et-le-reseau-bolivien-des-masculinites-actives-rmab-avec-le-soutien-de-lambassade-du-canada-ont-organise-la-foire-plus-d\/","title":{"rendered":"Les \u00e9tudiants de La Portada m\u00e8nent une marche contre la violence apr\u00e8s les formations d&rsquo;Ipas Bolivie"},"content":{"rendered":"<p>[et_pb_section fb_built=\u00a0\u00bb1&Prime; admin_label=\u00a0\u00bbsection\u00a0\u00bb _builder_version=\u00a0\u00bb4.27.4&Prime; custom_margin=\u00a0\u00bb0px||||false|false\u00a0\u00bb custom_padding=\u00a0\u00bb0px||||false|false\u00a0\u00bb global_colors_info=\u00a0\u00bb{}\u00a0\u00bb][et_pb_row admin_label=\u00a0\u00bbrang\u00e9e\u00a0\u00bb _builder_version=\u00a0\u00bb4.27.4&Prime; _module_preset=\u00a0\u00bb4def156f-dd12-4dbe-bc2d-2adebc83aeda\u00a0\u00bb background_size=\u00a0\u00bbinitial\u00a0\u00bb background_position=\u00a0\u00bbtop_left\u00a0\u00bb background_repeat=\u00a0\u00bbrepeat\u00a0\u00bb global_colors_info=\u00a0\u00bb{}\u00a0\u00bb][et_pb_column type=\u00a0\u00bb4_4&Prime; _builder_version=\u00a0\u00bb4.16&Prime; custom_padding=\u00a0\u00bb|||\u00a0\u00bb global_colors_info=\u00a0\u00bb{}\u00a0\u00bb custom_padding__hover=\u00a0\u00bb|||\u00a0\u00bb][et_pb_text _builder_version=\u00a0\u00bb4.27.4&Prime; _module_preset=\u00a0\u00bbdefault\u00a0\u00bb global_colors_info=\u00a0\u00bb{}\u00a0\u00bb]L&rsquo;Unidad Educativa T\u00e9cnica Human\u00edstica \u00ab\u00a0Rep\u00fablica de Italia\u00a0\u00bb de la r\u00e9gion de La Portada s&rsquo;est mobilis\u00e9e lors d&rsquo;une marche contre la violence, action imm\u00e9diate faisant suite aux formations d&rsquo;Ipas Bolivie dans plusieurs \u00e9coles de La Paz. La marche, intitul\u00e9e \u00ab\u00a0Mettez un terme \u00e0 la violence ! La d\u00e9cision vous appartient\u00a0\u00bb, a rassembl\u00e9 des \u00e9l\u00e8ves de tous les niveaux de l&rsquo;enseignement secondaire qui, forts des connaissances acquises sur le sujet, ont parl\u00e9 au public des diff\u00e9rents types de violence. <\/p>\n<p>Les formations ont impliqu\u00e9 les enseignants et les parents, qui ont ensuite transmis les informations aux \u00e9l\u00e8ves. \u00ab\u00a0Gr\u00e2ce \u00e0 l&rsquo;organisation non gouvernementale Ipas Bolivie, notre \u00e9cole organise aujourd&rsquo;hui cette marche contre la violence. Il est fondamental de rejeter tout acte de violence. Nous avons commenc\u00e9 par des ateliers pour les parents, les enseignants et les \u00e9l\u00e8ves\u00a0\u00bb, a d\u00e9clar\u00e9 le directeur de l&rsquo;\u00e9cole, Arm\u00edn F\u00e9lix Guti\u00e9rrez.   <\/p>\n<p>La marche est partie des environs de l&rsquo;\u00e9cole jusqu&rsquo;\u00e0 la Plaza Alto Tejar, devant le cimeti\u00e8re g\u00e9n\u00e9ral. Au cours de la marche, les \u00e9l\u00e8ves ont fait des pr\u00e9sentations dans lesquelles ils ont abord\u00e9 les diff\u00e9rents types de violence en fonction de leur niveau d&rsquo;\u00e9ducation, notamment la violence physique, \u00e9conomique, m\u00e9diatique, patrimoniale, professionnelle, sexuelle et f\u00e9minicide.[\/et_pb_text][et_pb_image src=\u00a0\u00bbhttps:\/\/ipasbolivia.org\/wp-content\/uploads\/2025\/03\/bolivia-march-1.jpeg\u00a0\u00bb alt=\u00a0\u00bbFemme s&#039;exprimant lors d&#039;une marche\u00a0\u00bb title_text=\u00a0\u00bbbolivie-mars-1&Prime; _builder_version=\u00a0\u00bb4.27.4&Prime; _module_preset=\u00a0\u00bbdefault\u00a0\u00bb global_colors_info=\u00a0\u00bb{}\u00a0\u00bb][\/et_pb_image][et_pb_text _builder_version=\u00a0\u00bb4.27.4&Prime; _module_preset=\u00a0\u00bbdefault\u00a0\u00bb global_colors_info=\u00a0\u00bb{}\u00a0\u00bb]Les jeunes ont fait preuve d&rsquo;un grand enthousiasme et d&rsquo;un grand int\u00e9r\u00eat pour faire comprendre aux personnes pr\u00e9sentes l&rsquo;importance de la pr\u00e9vention et de l&rsquo;\u00e9radication de la violence sous toutes ses formes.[\/et_pb_text][\/et_pb_column][\/et_pb_row][\/et_pb_section]<\/p>\n","protected":false},"excerpt":{"rendered":"<p>L&rsquo;Unidad Educativa T\u00e9cnica Human\u00edstica \u00ab\u00a0Rep\u00fablica de Italia\u00a0\u00bb de la r\u00e9gion de La Portada s&rsquo;est mobilis\u00e9e lors d&rsquo;une marche contre la violence, action imm\u00e9diate faisant suite aux formations dispens\u00e9es par Ipas Bolivie dans plusieurs \u00e9coles de La Paz.<\/p>\n","protected":false},"author":2,"featured_media":1424,"comment_status":"closed","ping_status":"closed","sticky":false,"template":"","format":"standard","meta":{"_et_pb_use_builder":"on","_et_pb_old_content":"","_et_gb_content_width":"","inline_featured_image":false,"_monsterinsights_skip_tracking":false,"_monsterinsights_sitenote_active":false,"_monsterinsights_sitenote_note":"","_monsterinsights_sitenote_category":0,"footnotes":""},"categories":[34],"tags":[],"class_list":["post-1430","post","type-post","status-publish","format-standard","has-post-thumbnail","hentry","category-ipas-en-action"],"_links":{"self":[{"href":"https:\/\/ipasbolivia.org\/fr\/wp-json\/wp\/v2\/posts\/1430","targetHints":{"allow":["GET"]}}],"collection":[{"href":"https:\/\/ipasbolivia.org\/fr\/wp-json\/wp\/v2\/posts"}],"about":[{"href":"https:\/\/ipasbolivia.org\/fr\/wp-json\/wp\/v2\/types\/post"}],"author":[{"embeddable":true,"href":"https:\/\/ipasbolivia.org\/fr\/wp-json\/wp\/v2\/users\/2"}],"replies":[{"embeddable":true,"href":"https:\/\/ipasbolivia.org\/fr\/wp-json\/wp\/v2\/comments?post=1430"}],"version-history":[{"count":0,"href":"https:\/\/ipasbolivia.org\/fr\/wp-json\/wp\/v2\/posts\/1430\/revisions"}],"wp:featuredmedia":[{"embeddable":true,"href":"https:\/\/ipasbolivia.org\/fr\/wp-json\/wp\/v2\/media\/1424"}],"wp:attachment":[{"href":"https:\/\/ipasbolivia.org\/fr\/wp-json\/wp\/v2\/media?parent=1430"}],"wp:term":[{"taxonomy":"category","embeddable":true,"href":"https:\/\/ipasbolivia.org\/fr\/wp-json\/wp\/v2\/categories?post=1430"},{"taxonomy":"post_tag","embeddable":true,"href":"https:\/\/ipasbolivia.org\/fr\/wp-json\/wp\/v2\/tags?post=1430"}],"curies":[{"name":"wp","href":"https:\/\/api.w.org\/{rel}","templated":true}]}}