{"id":1382,"date":"2025-01-29T20:53:33","date_gmt":"2025-01-29T20:53:33","guid":{"rendered":"https:\/\/ipasbolivia.org\/ipas-bolivie-et-le-bureau-du-procureur-departemental-de-santa-cruz-menent-une-discussion-pour-ameliorer-lattention-portee-aux-crimes-sexuels\/"},"modified":"2025-06-13T20:11:46","modified_gmt":"2025-06-13T20:11:46","slug":"ipas-bolivie-et-le-bureau-du-procureur-departemental-de-santa-cruz-menent-une-discussion-pour-ameliorer-lattention-portee-aux-crimes-sexuels","status":"publish","type":"post","link":"https:\/\/ipasbolivia.org\/fr\/ipas-bolivie-et-le-bureau-du-procureur-departemental-de-santa-cruz-menent-une-discussion-pour-ameliorer-lattention-portee-aux-crimes-sexuels\/","title":{"rendered":"Ipas Bolivie et le bureau du procureur d\u00e9partemental de Santa Cruz m\u00e8nent une discussion pour am\u00e9liorer l&rsquo;attention port\u00e9e aux crimes sexuels"},"content":{"rendered":"<p>[et_pb_section fb_built=\u00a0\u00bb1&Prime; admin_label=\u00a0\u00bbsection\u00a0\u00bb _builder_version=\u00a0\u00bb4.27.4&Prime; custom_margin=\u00a0\u00bb|||-16px||\u00a0\u00bb hover_enabled=\u00a0\u00bb0&Prime; global_colors_info=\u00a0\u00bb{}\u00a0\u00bb theme_builder_area=\u00a0\u00bbpost_content\u00a0\u00bb _module_preset=\u00a0\u00bb8fb1a7ed-3eb3-418d-a3dd-d3faa703d245&Prime; sticky_enabled=\u00a0\u00bb0&Prime;][et_pb_row admin_label=\u00a0\u00bbrang\u00e9e\u00a0\u00bb _builder_version=\u00a0\u00bb4.27.4&Prime; hover_enabled=\u00a0\u00bb0&Prime; global_colors_info=\u00a0\u00bb{}\u00a0\u00bb theme_builder_area=\u00a0\u00bbpost_content\u00a0\u00bb _module_preset=\u00a0\u00bb7991fac3-7a4b-4646-89db-7d8ccb22a30b\u00a0\u00bb sticky_enabled=\u00a0\u00bb0&Prime;][et_pb_column type=\u00a0\u00bb4_4&Prime; _builder_version=\u00a0\u00bb4.16&Prime; custom_padding=\u00a0\u00bb|||\u00a0\u00bb global_colors_info=\u00a0\u00bb{}\u00a0\u00bb custom_padding__hover=\u00a0\u00bb|||\u00a0\u00bb theme_builder_area=\u00a0\u00bbpost_content\u00a0\u00bb][et_pb_text _builder_version=\u00a0\u00bb4.27.4&Prime; _module_preset=\u00a0\u00bb6b4605f6-e701-4240-ba12-913d455703e4&Prime; hover_enabled=\u00a0\u00bb0&Prime; global_colors_info=\u00a0\u00bb{}\u00a0\u00bb theme_builder_area=\u00a0\u00bbpost_content\u00a0\u00bb sticky_enabled=\u00a0\u00bb0&Prime;]<\/p>\n<p>Les 27 et 28 janvier derniers, Ipas Bolivie et le bureau du procureur d\u00e9partemental de Santa Cruz ont organis\u00e9 une discussion et des groupes de travail dans le but de construire un itin\u00e9raire de travail interinstitutionnel qui articule les efforts visant \u00e0 respecter la r\u00e9glementation en vigueur et \u00e0 garantir une attention efficace aux victimes de violences sexuelles.<\/p>\n<p>Le bureau du procureur g\u00e9n\u00e9ral, l&rsquo;institut d&rsquo;enqu\u00eates m\u00e9dico-l\u00e9gales (IDIF), le bureau du m\u00e9diateur, la soci\u00e9t\u00e9 bolivienne d&rsquo;obst\u00e9trique et de gyn\u00e9cologie de Santa Cruz, les h\u00f4pitaux municipaux et d\u00e9partementaux, la police bolivienne, le r\u00e9seau de juristes et d&rsquo;avocats pour la d\u00e9fense des droits sexuels et g\u00e9n\u00e9siques, entre autres, ont particip\u00e9 \u00e0 l&rsquo;\u00e9v\u00e9nement.<\/p>\n<p>[\/et_pb_text][et_pb_image src=\u00a0\u00bbhttps:\/\/ipasbolivia.org\/wp-content\/uploads\/2025\/02\/b1-2-scaled.jpg\u00a0\u00bb alt=\u00a0\u00bbGroupe de personnes \u00e9coutant un orateur\u00a0\u00bb title_text=\u00a0\u00bbb1-2&Prime; _builder_version=\u00a0\u00bb4.27.4&Prime; _module_preset=\u00a0\u00bbdefault\u00a0\u00bb global_colors_info=\u00a0\u00bb{}\u00a0\u00bb theme_builder_area=\u00a0\u00bbpost_content\u00a0\u00bb][\/et_pb_image][et_pb_text _builder_version=\u00a0\u00bb4.27.4&Prime; _module_preset=\u00a0\u00bb6b4605f6-e701-4240-ba12-913d455703e4&Prime; hover_enabled=\u00a0\u00bb0&Prime; global_colors_info=\u00a0\u00bb{}\u00a0\u00bb theme_builder_area=\u00a0\u00bbpost_content\u00a0\u00bb sticky_enabled=\u00a0\u00bb0&Prime;]<\/p>\n<p>Au cours des deux journ\u00e9es de travail, des engagements et des recommandations cl\u00e9s ont \u00e9t\u00e9 formul\u00e9s pour renforcer la collaboration interagences :<\/p>\n<ul>\n<li>Formation continue, sp\u00e9cialis\u00e9e et sensibilis\u00e9e pour les fonctionnaires.<\/li>\n<li>L&rsquo;impulsion pour la cr\u00e9ation de centres int\u00e9graux pour les victimes.<\/li>\n<li>Respect strict des r\u00e8gles relatives \u00e0 la collecte et au traitement des preuves.<\/li>\n<li>La promotion d&rsquo;accords et d&rsquo;actions interinstitutionnels.<\/li>\n<li>Attention prioritaire aux mineurs victimes de violences sexuelles.<\/li>\n<li>Mise en \u0153uvre efficace du syst\u00e8me FreeJustice.<\/li>\n<\/ul>\n<p>En outre, il a \u00e9t\u00e9 convenu d&rsquo;\u00e9valuer la mise en \u0153uvre de ces engagements dans trois mois, afin de s&rsquo;assurer que des progr\u00e8s substantiels sont r\u00e9alis\u00e9s dans l&rsquo;am\u00e9lioration de la prise en charge des victimes.<\/p>\n<p>[\/et_pb_text][et_pb_image src=\u00a0\u00bbhttps:\/\/ipasbolivia.org\/wp-content\/uploads\/2025\/02\/b1-3.jpeg\u00a0\u00bb alt=\u00a0\u00bbHomme s&#039;adressant \u00e0 un groupe\u00a0\u00bb title_text=\u00a0\u00bbb1-3&Prime; _builder_version=\u00a0\u00bb4.27.4&Prime; _module_preset=\u00a0\u00bbdefault\u00a0\u00bb global_colors_info=\u00a0\u00bb{}\u00a0\u00bb theme_builder_area=\u00a0\u00bbpost_content\u00a0\u00bb][\/et_pb_image][\/et_pb_column][\/et_pb_row][\/et_pb_section]<\/p>\n","protected":false},"excerpt":{"rendered":"<p>Les 27 et 28 janvier derniers, Ipas Bolivie et le bureau du procureur d\u00e9partemental de Santa Cruz ont organis\u00e9 une discussion et des groupes de travail dans le but de construire un itin\u00e9raire de travail interinstitutionnel qui articule les efforts pour se conformer \u00e0 la r\u00e9glementation en vigueur et garantir une attention efficace aux victimes de violence sexuelle.<\/p>\n","protected":false},"author":2,"featured_media":1376,"comment_status":"closed","ping_status":"closed","sticky":false,"template":"","format":"standard","meta":{"_et_pb_use_builder":"on","_et_pb_old_content":"","_et_gb_content_width":"","inline_featured_image":false,"_monsterinsights_skip_tracking":false,"_monsterinsights_sitenote_active":false,"_monsterinsights_sitenote_note":"","_monsterinsights_sitenote_category":0,"footnotes":""},"categories":[34],"tags":[],"class_list":["post-1382","post","type-post","status-publish","format-standard","has-post-thumbnail","hentry","category-ipas-en-action"],"_links":{"self":[{"href":"https:\/\/ipasbolivia.org\/fr\/wp-json\/wp\/v2\/posts\/1382","targetHints":{"allow":["GET"]}}],"collection":[{"href":"https:\/\/ipasbolivia.org\/fr\/wp-json\/wp\/v2\/posts"}],"about":[{"href":"https:\/\/ipasbolivia.org\/fr\/wp-json\/wp\/v2\/types\/post"}],"author":[{"embeddable":true,"href":"https:\/\/ipasbolivia.org\/fr\/wp-json\/wp\/v2\/users\/2"}],"replies":[{"embeddable":true,"href":"https:\/\/ipasbolivia.org\/fr\/wp-json\/wp\/v2\/comments?post=1382"}],"version-history":[{"count":0,"href":"https:\/\/ipasbolivia.org\/fr\/wp-json\/wp\/v2\/posts\/1382\/revisions"}],"wp:featuredmedia":[{"embeddable":true,"href":"https:\/\/ipasbolivia.org\/fr\/wp-json\/wp\/v2\/media\/1376"}],"wp:attachment":[{"href":"https:\/\/ipasbolivia.org\/fr\/wp-json\/wp\/v2\/media?parent=1382"}],"wp:term":[{"taxonomy":"category","embeddable":true,"href":"https:\/\/ipasbolivia.org\/fr\/wp-json\/wp\/v2\/categories?post=1382"},{"taxonomy":"post_tag","embeddable":true,"href":"https:\/\/ipasbolivia.org\/fr\/wp-json\/wp\/v2\/tags?post=1382"}],"curies":[{"name":"wp","href":"https:\/\/api.w.org\/{rel}","templated":true}]}}